[{"@context":"https:\/\/schema.org\/","@type":"Article","@id":"https:\/\/www.g2w.cz\/chci-si-vyjet-ale-nevim-kam\/#Article","mainEntityOfPage":"https:\/\/www.g2w.cz\/chci-si-vyjet-ale-nevim-kam\/","headline":"Chci si vyjet, ale nev\u00edm kam","name":"Chci si vyjet, ale nev\u00edm kam","description":"Pro rodiny je toho uzp\u016fsobeno v\u00a0dne\u0161n\u00ed dob\u011b a\u017e p\u0159\u00edli\u0161 hodn\u011b. Krom\u011b nejr\u016fzn\u011bj\u0161\u00edch slev na d\u011bti a j\u00edzd zdarma pro ty nejmen\u0161\u00ed, jsou tu tak\u00e9 rodinn\u00e9 &hellip; ","datePublished":"2018-01-19","dateModified":"2023-04-28","author":{"@type":"Person","@id":"https:\/\/www.g2w.cz\/author\/#Person","name":"g2w.cz\n","url":"https:\/\/www.g2w.cz\/author\/","identifier":1,"image":{"@type":"ImageObject","@id":"https:\/\/secure.gravatar.com\/avatar\/cfe4dae5aaf43720425415780408681beb9b9a829e9a657295ed1cacce5febc2?s=96&d=mm&r=g","url":"https:\/\/secure.gravatar.com\/avatar\/cfe4dae5aaf43720425415780408681beb9b9a829e9a657295ed1cacce5febc2?s=96&d=mm&r=g","height":96,"width":96}},"publisher":{"@type":"Organization","name":"g2w.cz","logo":{"@type":"ImageObject","@id":"\/logo.png","url":"\/logo.png","width":600,"height":60}},"image":{"@type":"ImageObject","@id":"https:\/\/www.g2w.cz\/wp-content\/uploads\/img_a310549_w1915_t1521493719.jpg","url":"https:\/\/www.g2w.cz\/wp-content\/uploads\/img_a310549_w1915_t1521493719.jpg","height":0,"width":0},"url":"https:\/\/www.g2w.cz\/chci-si-vyjet-ale-nevim-kam\/","about":["Dovolen\u00e1"],"wordCount":456,"articleBody":"Pro rodiny je toho uzp\u016fsobeno v\u00a0dne\u0161n\u00ed dob\u011b a\u017e p\u0159\u00edli\u0161 hodn\u011b. Krom\u011b nejr\u016fzn\u011bj\u0161\u00edch slev na d\u011bti a j\u00edzd zdarma pro ty nejmen\u0161\u00ed, jsou tu tak\u00e9 rodinn\u00e9 z\u00e1jezdy, kter\u00e9 jdou sehnat za p\u00e1r \u0161lupek a tak\u00e9 nejr\u016fzn\u011bj\u0161\u00ed mimosez\u00f3nn\u00ed akce, kter\u00fdch se ur\u010dit\u011b nebojte!\u00a0\t\tSt\u0159edozem\u00edA\u0165 u\u017e je to Kr\u00e9ta, \u0158ecko, \u0160pan\u011blsko, It\u00e1lie nebo nap\u0159\u00edklad Chorvatsko, pat\u0159\u00ed st\u00e1le mezi favorizovan\u00e9 destinace. Pro v\u00e1s je v\u0161ak kl\u00ed\u010dov\u00e9 nesh\u00e1n\u011bt dovolenou b\u011bhem sez\u00f3ny, ale ud\u011blat si dovolenou t\u0159eba uprost\u0159ed \u0161koln\u00edho roku. Nebojte se, to d\u00edt\u011b zas o tolik nep\u0159ijde a vy si taky r\u00e1di odpo\u010dinete, nap\u0159\u00edklad na ja\u0159e nebo na podzim je nejlep\u0161\u00ed \u010das a tak\u00e9 jsou zde nejlep\u0161\u00ed ceny, ide\u00e1ln\u011b t\u0159eba i s\u00a0ro\u010dn\u00edm p\u0159edstihem!\u00a0\t\tSeversk\u00e9 zem\u011bExistuje spousta spole\u010dnost\u00ed, kter\u00e9 poskytuj\u00ed zahrani\u010dn\u00ed v\u00fdlety za dobr\u00e9 ceny, i pro rodiny s\u00a0d\u011btmi, a tak se v\u016fbec nemus\u00edte b\u00e1t otestovat i tyto zem\u011b. Zde je v\u0161ak jeden h\u00e1\u010dek, sice u\u0161et\u0159\u00edte za z\u00e1jezd, ale p\u0159ipravte si p\u00e1r tis\u00edc na utr\u00e1cen\u00ed v\u00a0t\u011bch zem\u00edch, proto\u017ee seversk\u00e9 zem\u011b jsou drah\u00e9, ale za to velmi kr\u00e1sn\u00e9.\u00a0\t\tSevern\u00ed Afrika?Kv\u016fli ned\u00e1vn\u00fdm nepokoj\u016fm se do Afriky moc nejezd\u00ed, ale v\u00a0hotelov\u00fdch resortech a pl\u00e1\u017e\u00edch, kde je v\u0161e hl\u00eddan\u00e9, se d\u00e1 po\u0159\u00eddit velmi p\u011bkn\u00e1 dovolen\u00e1 a nemus\u00edte b\u00fdt ani velk\u00fd boh\u00e1\u010d. Hotely se tak p\u0159edb\u00edhaj\u00ed ve slev\u00e1ch a dobr\u00fdch all-inclusive akc\u00edch, kter\u00e9 stoj\u00ed ur\u010dit\u011b zhl\u00e9dnout!\u00a0\u00a0Pro p\u00e1ry jsou mo\u017enosti snad neomezen\u00e9, maj\u00ed toti\u017e jednu velkou v\u00fdhodu = je\u0161t\u011b nemaj\u00ed d\u011bti. A tak si mohou dovolit jezdit klidn\u011b 10 hodin v\u00a0autobusech nebo ve vlac\u00edch. A \u017ee se d\u00e1 jet kamkoliv?\u00a0\t\tNejd\u0159\u00edve si najd\u011bte levnou dopravuPro studenty a mlad\u00e9 je spousta slev, kter\u00e9, pokud je koup\u00edte s\u00a0p\u0159edstihem, m\u016f\u017eete vyu\u017e\u00edt a klidn\u011b k\u00a0nim p\u0159ipojit i p\u011bkn\u00e9 z\u00e1\u017eitky, ani\u017e byste museli zat\u011b\u017eovat pen\u011b\u017eenky, nap\u0159\u00edklad autobusov\u00e1 spojen\u00ed Praha-Berl\u00edn, tak ty jsou za hubi\u010dku.\u00a0\t\tLevn\u00e9 ubytov\u00e1n\u00edPokud se v\u00e1m nechce platit kdo v\u00ed kolik tis\u00edc, vyzkou\u0161ejte nap\u0159\u00edklad pronaj\u00edman\u00e9 byty v\u00a0Pa\u0159\u00ed\u017ei nebo \u0158\u00edm\u011b, nejen \u017ee vyzkou\u0161\u00edte, jak se skute\u010dn\u011b \u017eije v\u00a0ciz\u00edm m\u011bst\u011b, ale hostuj\u00edc\u00ed v\u00e1m r\u00e1di porad\u00ed, co d\u011blat, kde nakoupit levn\u011b a jak si spr\u00e1vn\u011b jejich m\u011bsto u\u017e\u00edt                                                                                                                                                                                                                                                                                                                                                                                        4.3\/5 - (7 votes)        "},{"@context":"https:\/\/schema.org\/","@type":"BreadcrumbList","itemListElement":[{"@type":"ListItem","position":1,"name":"Chci si vyjet, ale nev\u00edm kam","item":"https:\/\/www.g2w.cz\/chci-si-vyjet-ale-nevim-kam\/#breadcrumbitem"}]}]