[{"@context":"https:\/\/schema.org\/","@type":"Article","@id":"https:\/\/www.g2w.cz\/instagram-dedecek-mezi-socialnimi-sitemi\/#Article","mainEntityOfPage":"https:\/\/www.g2w.cz\/instagram-dedecek-mezi-socialnimi-sitemi\/","headline":"Instagram- d\u011bde\u010dek mezi soci\u00e1ln\u00edmi s\u00edt\u011bmi","name":"Instagram- d\u011bde\u010dek mezi soci\u00e1ln\u00edmi s\u00edt\u011bmi","description":"Instagram je jednou z nejstar\u0161\u00edch soci\u00e1ln\u00edch s\u00edt\u00ed. A\u010d se to nezd\u00e1, m\u00e1 jen o n\u011bco m\u00e1lo m\u00e9n\u011b u\u017eivatel\u016f, ne\u017e m\u00e1 Facebook. Instagram vyu\u017e\u00edvaj\u00ed nejen mlad\u00ed &hellip; ","datePublished":"2017-06-30","dateModified":"2023-04-28","author":{"@type":"Person","@id":"https:\/\/www.g2w.cz\/author\/#Person","name":"g2w.cz\n","url":"https:\/\/www.g2w.cz\/author\/","identifier":1,"image":{"@type":"ImageObject","@id":"https:\/\/secure.gravatar.com\/avatar\/cfe4dae5aaf43720425415780408681beb9b9a829e9a657295ed1cacce5febc2?s=96&d=mm&r=g","url":"https:\/\/secure.gravatar.com\/avatar\/cfe4dae5aaf43720425415780408681beb9b9a829e9a657295ed1cacce5febc2?s=96&d=mm&r=g","height":96,"width":96}},"publisher":{"@type":"Organization","name":"g2w.cz","logo":{"@type":"ImageObject","@id":"\/logo.png","url":"\/logo.png","width":600,"height":60}},"image":{"@type":"ImageObject","@id":"https:\/\/www.g2w.cz\/wp-content\/uploads\/img_a291526_w1915_t1504072947.png","url":"https:\/\/www.g2w.cz\/wp-content\/uploads\/img_a291526_w1915_t1504072947.png","height":0,"width":0},"url":"https:\/\/www.g2w.cz\/instagram-dedecek-mezi-socialnimi-sitemi\/","about":["Internet"],"wordCount":485,"articleBody":"Instagram je jednou z nejstar\u0161\u00edch soci\u00e1ln\u00edch s\u00edt\u00ed. A\u010d se to nezd\u00e1, m\u00e1 jen o n\u011bco m\u00e1lo m\u00e9n\u011b u\u017eivatel\u016f, ne\u017e m\u00e1 Facebook. Instagram vyu\u017e\u00edvaj\u00ed nejen mlad\u00ed lid\u00e9, ale zakl\u00e1daj\u00ed si ho i zn\u00e1m\u00e9 obchodn\u00ed \u0159et\u011bzce, proto\u017ee tato soci\u00e1ln\u00ed s\u00ed\u0165 je jako stvo\u0159en\u00e1 pro reklamu.\u00a0Je to zbyte\u010dnost?Jako u\u017eivatelka Instagramu mus\u00edm bohu\u017eel konstatovat, \u017ee je to velk\u00fd \u017erout \u010dasu. Je to skv\u011bl\u00e1 aplikace, na kter\u00e9 se d\u00e1 velmi dob\u0159e prokrastinovat. M\u00e1 ale i spoustu dal\u0161\u00edch v\u00fdhod, na kter\u00e9 si potrp\u00ed v\u011bt\u0161ina jej\u00edch u\u017eivatel\u016f:\u25cf\u00a0\u00a0\u00a0\u00a0\u00a0\u00a0\u00a0 Instastories&#8211; na Instastories m\u016f\u017eete sd\u00edlet se sv\u00fdmi p\u0159\u00e1teli Va\u0161e fotky a videa, kter\u00e1 nejsou star\u0161\u00ed v\u00edce jak 24 hodin. Tyto vzpom\u00ednky budou dal\u0161\u00edch 24 hodin viditeln\u00e9 na Va\u0161em profilu a pot\u00e9 se automaticky vyma\u017eou. Pokud jich za den p\u0159id\u00e1te v\u00edce, vytvo\u0159\u00ed se v\u00e1m na profilu P\u0159\u00edb\u011bh, kter\u00fd si m\u016f\u017eete ulo\u017eit. Vznikne V\u00e1m origin\u00e1ln\u00ed vzpom\u00ednka z cel\u00e9ho dne. Pokud se V\u00e1m n\u011b\u010d\u00ed Instastories l\u00edb\u00ed, m\u016f\u017eete na n\u011b zareagovat pomoc\u00ed mo\u017enosti Opov\u011bd\u011bt na Instastories.\u25cf\u00a0\u00a0\u00a0\u00a0\u00a0\u00a0\u00a0 Filtry&#8211; Instagram nab\u00edz\u00ed inovovanou verzi \u00fapravy fotek. D\u0159\u00edve jsme se setk\u00e1vali pouze se z\u00e1kladn\u00edm sn\u00ed\u017een\u00edm jasu a zm\u011bnou expozice. Dnes m\u016f\u017eeme rozost\u0159it fotku, p\u0159ibl\u00ed\u017eit a o\u0159\u00edznout a nalezneme zde v\u00fd\u010det v\u00edce ne\u017e 15 filtr\u016f.\u25cf\u00a0\u00a0\u00a0\u00a0\u00a0\u00a0\u00a0 Instagram fotky ned\u011bl\u00e1 m\u00e9n\u011b kvalitn\u00edmi, jak je zvykem u v\u011bt\u0161iny aplikac\u00ed. Nemus\u00edte se tedy b\u00e1t, \u017ee by Va\u0161e fotka ztratila na kouzlu.\u25cf\u00a0\u00a0\u00a0\u00a0\u00a0\u00a0\u00a0 Pokro\u010dil\u00e1 nastaven\u00ed, jak\u00fdmi Instagram opl\u00fdv\u00e1, jsou jednou z jeho v\u00fdhod. V\u00fdvoj\u00e1\u0159i cht\u011bj\u00ed, aby u\u017eivatel\u00e9 m\u011bli mo\u017enost co nejv\u011bt\u0161\u00ed ochrany sv\u00fdch p\u0159\u00edsp\u011bvk\u016f, a tak si m\u016f\u017eete nastavit, kdo v\u0161echno m\u016f\u017ee V\u00e1mi sd\u00edlen\u00fd obsah vid\u011bt, nebo kdo m\u016f\u017ee sledovat Va\u0161e Instastories.\u25cf\u00a0\u00a0\u00a0\u00a0\u00a0\u00a0\u00a0 Hashtagy&#8211; hashtag je hlavn\u00edm znakem Instagramu. Jedn\u00e1 se o funkci, pomoc\u00ed kter\u00e9 zhruba pop\u00ed\u0161ete, co je na fotce. Lid\u00e9 si pak V\u00e1\u0161 hashtag mohou vyhledat a pomoc\u00ed n\u011bj se zobraz\u00ed n\u011bkolik si podobn\u00fdch p\u0159\u00edsp\u011bvk\u016f z cel\u00e9ho sv\u011bta.\u25cf\u00a0\u00a0\u00a0\u00a0\u00a0\u00a0\u00a0 Koment\u00e1\u0159e&#8211; koment\u00e1\u0159e u Va\u0161ich p\u0159\u00edsp\u011bvk\u016f m\u016f\u017eete mazat a z\u00e1rove\u0148 jim d\u00e1t pomysln\u00e9 srd\u00ed\u010dko- stejn\u011b jako fotk\u00e1m. Poka\u017ed\u00e9, kdy\u017e V\u00e1s n\u011bkdo v koment\u00e1\u0159i ozna\u010d\u00ed, nebo okomentuje V\u00e1\u0161 p\u0159\u00edsp\u011bvek, p\u0159ijde V\u00e1m upozorn\u011bn\u00ed.\u00a0\u25cf\u00a0\u00a0\u00a0\u00a0\u00a0\u00a0\u00a0 V\u0161e je bezplatn\u00e9&#8211; sta\u017een\u00ed aplikace i jej\u00ed pou\u017e\u00edv\u00e1n\u00ed je ji\u017e v\u00edce ne\u017e 5 let, co existuje, zadarmo. Neexistuj\u00ed \u017e\u00e1dn\u00e9 dopl\u0148ky, kter\u00e9 byste si pro chod Instagramu museli dokoupit. V tom vid\u00ed u\u017eivatel\u00e9 Instagramu velkou v\u00fdhodu.                                                                                                                                                                                                                                                                                                                                                                                        4.2\/5 - (9 votes)        "},{"@context":"https:\/\/schema.org\/","@type":"BreadcrumbList","itemListElement":[{"@type":"ListItem","position":1,"name":"Instagram- d\u011bde\u010dek mezi soci\u00e1ln\u00edmi s\u00edt\u011bmi","item":"https:\/\/www.g2w.cz\/instagram-dedecek-mezi-socialnimi-sitemi\/#breadcrumbitem"}]}]