[{"@context":"https:\/\/schema.org\/","@type":"Article","@id":"https:\/\/www.g2w.cz\/komunikujte-se-svym-barberem\/#Article","mainEntityOfPage":"https:\/\/www.g2w.cz\/komunikujte-se-svym-barberem\/","headline":"Komunikujte se sv\u00fdm barberem","name":"Komunikujte se sv\u00fdm barberem","description":"Kade\u0159n\u00edk a holi\u010d byl v\u017edy pova\u017eov\u00e1n za jednoho z nejinformovan\u011bj\u0161\u00edch lid\u00ed v cel\u00e9 obci \u010di dokonce v cel\u00e9 m\u011bstsk\u00e9 \u010dtvrti. Sta\u010dilo zaj\u00edt k holi\u010di, a &hellip; ","datePublished":"2024-02-26","dateModified":"2024-04-16","author":{"@type":"Person","@id":"https:\/\/www.g2w.cz\/author\/#Person","name":"g2w.cz\n","url":"https:\/\/www.g2w.cz\/author\/","identifier":1,"image":{"@type":"ImageObject","@id":"https:\/\/secure.gravatar.com\/avatar\/cfe4dae5aaf43720425415780408681beb9b9a829e9a657295ed1cacce5febc2?s=96&d=mm&r=g","url":"https:\/\/secure.gravatar.com\/avatar\/cfe4dae5aaf43720425415780408681beb9b9a829e9a657295ed1cacce5febc2?s=96&d=mm&r=g","height":96,"width":96}},"publisher":{"@type":"Organization","name":"g2w.cz","logo":{"@type":"ImageObject","@id":"\/logo.png","url":"\/logo.png","width":600,"height":60}},"image":{"@type":"ImageObject","@id":"https:\/\/www.g2w.cz\/wp-content\/uploads\/barber-5194406_640.jpg","url":"https:\/\/www.g2w.cz\/wp-content\/uploads\/barber-5194406_640.jpg","height":0,"width":0},"url":"https:\/\/www.g2w.cz\/komunikujte-se-svym-barberem\/","about":["Internet"],"wordCount":429,"articleBody":"      Kade\u0159n\u00edk a holi\u010d byl v\u017edy pova\u017eov\u00e1n za jednoho z nejinformovan\u011bj\u0161\u00edch lid\u00ed v cel\u00e9 obci \u010di dokonce v cel\u00e9 m\u011bstsk\u00e9 \u010dtvrti. Sta\u010dilo zaj\u00edt k holi\u010di, a mohli jste se za vhodn\u00fdch podm\u00ednek dozv\u011bd\u011bt spoustu informac\u00ed o d\u011bn\u00ed ve va\u0161em regionu. Holi\u010di toti\u017e lid\u00e9 prozrad\u00ed na sebe i druh\u00e9 kde co, a tak je komunikace mezi lidmi na tomto m\u00edst\u011b jedn\u00edm ze z\u00e1kladn\u00edch informa\u010dn\u00edch kan\u00e1l\u016f. V sou\u010dasn\u00e9 dob\u011b pln\u00e9 elektronick\u00fdch informa\u010dn\u00edch zdroj\u016f to sice ji\u017e nehraje tak z\u00e1sadn\u00ed roli, ale p\u0159ece jen m\u016f\u017ee.Kdybychom se zamysleli nad t\u00edm, pro\u010d pr\u00e1v\u011b u kade\u0159n\u00edka se lid\u00e9 rozpov\u00eddaj\u00ed, m\u016f\u017ee to b\u00fdt z\u0159ejm\u011b t\u00edm, \u017ee se tu c\u00edt\u00ed jaksi fajn. Sta\u010d\u00ed kade\u0159n\u00edka porovnat se zuba\u0159em, a ji\u017e p\u0159i t\u00e9to pouh\u00e9 p\u0159edstav\u011b se v\u00e1m zje\u017e\u00ed na z\u00e1dech v\u0161echny chlupy. K zuba\u0159i chod\u00edme \u010dastokr\u00e1t vystresovan\u00ed, kde\u017eto ke kade\u0159n\u00edkovi do barber shopu v Hostivici pr\u00e1v\u011b naopak.Zn\u00e1te to v Hostivici? Je to obec v okrese Praha-z\u00e1pad a nach\u00e1z\u00ed se nedaleko ruzy\u0148sk\u00e9ho leti\u0161t\u011b. Tato lokalita je zn\u00e1ma t\u00edm, \u017ee je na trase mezi Prahou a Berounem, a pokud jste z Prahy, mohli byste si t\u00edmto sm\u011brem napl\u00e1novat celodenn\u00ed \u010di v\u00edcedenn\u00ed v\u00fdlet k \u0159ece Berounce, a cestou se stavit v barber shopu na sest\u0159ih \u010di \u00fapravu vous\u016f. Berounku v\u00e1m v\u0159ele doporu\u010dujeme, proto\u017ee je tu fantastick\u00e1 p\u0159\u00edroda a bo\u017esk\u00fd klid, a s nov\u00fdm sest\u0159ihem vlas\u016f se v\u00e1m jist\u011b bude l\u00e9pe cestovat.Kade\u0159n\u00edkovy ruce \u2013 kdy\u017e se kade\u0159n\u00edk v\u011bnuje va\u0161im vlas\u016fm, vyu\u017e\u00edv\u00e1 i sv\u00e9 hbit\u00e9 prsty, a t\u00edm je s v\u00e1mi v bezprost\u0159edn\u00edm energetick\u00e9m kontaktu. Doteky rukou \u010di kade\u0159nick\u00fdm n\u00e1\u010din\u00edm na hlav\u011b jsou velmi p\u0159\u00edjemn\u00e9, jak jsme ji\u017e \u0159ekli, zcela nesrovnateln\u00e9 s pobytem u zuba\u0159e, a tak toho m\u016f\u017eete vyu\u017e\u00edt k p\u0159\u00edjemn\u00e9mu posezen\u00ed. A tak\u00e9 k popov\u00edd\u00e1n\u00ed. Nemus\u00edte zrovna s kade\u0159n\u00edkem \u0159e\u0161it politiku, ta je ostatn\u011b pln\u00e1 ne zrovna pozitivn\u00edch zpr\u00e1v, m\u016f\u017eete se zam\u011b\u0159it na sv\u00e9 z\u00e1liby a z\u00e1jmy, a t\u0159eba najdete spole\u010dnou \u0159e\u010d a zpest\u0159\u00edte si navz\u00e1jem v\u00e1\u0161 den.                                                                                                                                                                                                                                                                                                                                                                                          4.6\/5 - (9 votes)        "},{"@context":"https:\/\/schema.org\/","@type":"BreadcrumbList","itemListElement":[{"@type":"ListItem","position":1,"name":"Komunikujte se sv\u00fdm barberem","item":"https:\/\/www.g2w.cz\/komunikujte-se-svym-barberem\/#breadcrumbitem"}]}]