[{"@context":"https:\/\/schema.org\/","@type":"Article","@id":"https:\/\/www.g2w.cz\/letosni-trendy-aneb-jak-neslapnout-vedle\/#Article","mainEntityOfPage":"https:\/\/www.g2w.cz\/letosni-trendy-aneb-jak-neslapnout-vedle\/","headline":"Leto\u0161n\u00ed trendy aneb jak ne\u0161l\u00e1pnout vedle","name":"Leto\u0161n\u00ed trendy aneb jak ne\u0161l\u00e1pnout vedle","description":"Tak\u017ee co na sebe? Na za\u010d\u00e1tek bychom si m\u011bli pov\u011bd\u011bt jak\u00e9 od\u011bvn\u00ed kousky vl\u00e1dnou leto\u0161n\u00ed m\u00f3d\u011b. V prvn\u00ed \u0159ad\u011b to jsou overalynejr\u016fzn\u011bj\u0161\u00edch st\u0159ih\u016f, d\u00e1le pak &hellip; ","datePublished":"2017-03-26","dateModified":"2023-04-28","author":{"@type":"Person","@id":"https:\/\/www.g2w.cz\/author\/#Person","name":"g2w.cz\n","url":"https:\/\/www.g2w.cz\/author\/","identifier":1,"image":{"@type":"ImageObject","@id":"https:\/\/secure.gravatar.com\/avatar\/cfe4dae5aaf43720425415780408681beb9b9a829e9a657295ed1cacce5febc2?s=96&d=mm&r=g","url":"https:\/\/secure.gravatar.com\/avatar\/cfe4dae5aaf43720425415780408681beb9b9a829e9a657295ed1cacce5febc2?s=96&d=mm&r=g","height":96,"width":96}},"publisher":{"@type":"Organization","name":"g2w.cz","logo":{"@type":"ImageObject","@id":"\/logo.png","url":"\/logo.png","width":600,"height":60}},"url":"https:\/\/www.g2w.cz\/letosni-trendy-aneb-jak-neslapnout-vedle\/","about":["M\u00f3da"],"wordCount":494,"articleBody":"Tak\u017ee co na sebe?Na za\u010d\u00e1tek bychom si m\u011bli pov\u011bd\u011bt jak\u00e9 od\u011bvn\u00ed kousky vl\u00e1dnou leto\u0161n\u00ed m\u00f3d\u011b. V prvn\u00ed \u0159ad\u011b to jsou overalynejr\u016fzn\u011bj\u0161\u00edch st\u0159ih\u016f, d\u00e1le pak sukn\u011b, zvl\u00e1\u0161t\u011b pak tylov\u00e9,\u00e1\u010dkov\u00e9ho st\u0159ihu a to ve v\u0161ech pastelov\u00fdch barv\u00e1ch. \u0160aty ner\u016fzn\u011bj\u0161\u00edch typ\u016f jsou samoz\u0159ejmost\u00ed, ale tak\u00e9 se n\u00e1m do m\u00f3dy vr\u00e1tily roztrhan\u00e9 d\u017e\u00edny nebo kup\u0159\u00edkladu halenky a tri\u010dka odhaluj\u00edc\u00ed ramena.U kalhot je\u0161t\u011b nutno podotknout, \u017ee nejv\u00edce let\u00ed zkr\u00e1cen\u00e9 nad kotn\u00edky a neodmysliteln\u011b tak\u00e9 \u0161ortky. Co se t\u00fd\u010de bot, baler\u00ednky a p\u00e1skov\u00e9 sand\u00e1lky, jak s podpatky tak bez, jsou samoz\u0159ejm\u011b st\u00e1le v kurzu. K nim m\u016f\u017eeme p\u0159ipojit i pl\u00e1t\u011bn\u00e9 tenisky (a to i k sukni). Nem\u011bli bysme opomenout, \u017ee sukn\u011b i kalhoty je trendy nosit v pase, proto m\u016f\u017eeme vyzkou\u0161et body, kter\u00e9 se n\u00e1m nevykas\u00e1vaj\u00ed ven a nenaru\u0161uj\u00ed t\u00edm bezchybn\u00fd look. Tak\u00e9 nesm\u00edme zapomenout na ko\u0161ile, kter\u00e9 se pro zm\u011bnu nos\u00ed polovykasan\u00e9.Vzory a barvyJak u\u017e jsme si nazna\u010dili, pastelov\u00fdmi barvami nic nezkaz\u00edme. Co se t\u00fdk\u00e1 vzor\u016f, vedou nejr\u016fzn\u011bj\u0161\u00ed potisky, pruhy a nemus\u00edme se b\u00e1t ani kv\u011btinov\u00fdch \u010di naopak abstraktn\u00edch vzor\u016f. Tak\u00e9 metalick\u00e9 barvy se st\u00e1le je\u0161t\u011b dr\u017e\u00ed v horn\u00edch lini\u00edch \u017eeb\u0159\u00ed\u010dku, ve velk\u00e9 m\u00ed\u0159e se v obchodech objevuj\u00ed na obuvi.Kousky, kter\u00e9 v\u00e1m nesm\u00ed v \u0161atn\u00edku chyb\u011btKa\u017ed\u00e1 \u017eena by m\u011bla m\u00edt ve sk\u0159\u00edni n\u011bkolik nad\u010dasov\u00fdch kousk\u016f. A kter\u00e9 to jsou? V \u0161atn\u00edku by n\u00e1m nem\u011blo chyb\u011bt \u010dist\u011b b\u00edl\u00e9 tri\u010dko (hod\u00ed se ke v\u0161emu, perfektn\u011b lad\u00ed k d\u017e\u00edn\u00e1m &#8230;). Dal\u0161\u00ed v\u011bc\u00ed by m\u011bla b\u00fdt ko\u0161ile (vyu\u017eejeme ji na milion zp\u016fsob\u016f). T\u00e9m\u011b\u0159 ka\u017ed\u00fd outfit perfektn\u011b dopln\u00ed s\u00e1\u010dko. Alespo\u0148 jedno skv\u011ble padnouc\u00ed sako bychom m\u011bli vlastnit. Co takhle kalhoty s puky? Mysleli jste, \u017ee jsou v\u00fdsadou mu\u017e\u016f a v d\u00e1msk\u00e9 m\u00f3d\u011b jim odzvonilo? Opak je pravdou. Pat\u0159\u00ed do nest\u00e1rnouc\u00ed klasiky a podtrhnou ka\u017ed\u00fd elegantn\u00ed od\u011bv.Na co bychom si m\u011bli d\u00e1t pozorPamatujme, \u017ee v\u0161eho moc \u0161kod\u00ed. Nep\u0159epl\u00e1c\u00e1vejme jednotliv\u00e9 kousky oble\u010den\u00ed jen proto, \u017ee jsou m\u00f3dn\u00ed. M\u00e9n\u011b je v\u00edce a plat\u00ed to i o vzorech. P\u0159ekombinovan\u00e9 vzory p\u016fsob\u00ed neesteticky, tak\u017ee pokud zvol\u00edme jeden v\u00fdrazn\u00fd vzor, dopl\u0148me ho jednobarevn\u00fdm kouskem. A naopak jednoduch\u00e9 jednobarevn\u00e9 \u0161aty \u010di overal m\u016f\u017eeme rozb\u00edt v\u00fdrazn\u00fdmi prvky, jako je t\u0159eba \u0161\u00e1tek, kabelka, p\u00e1sek nebo \u0161perky. V\u00fdrazn\u00e9 \u0161perky, obzvl\u00e1\u0161t\u011b n\u00e1u\u0161nice tuto sez\u00f3nu hrajou prim. Nebojte se jich.                                                                                                                                                                                                                                                                                                                                                                                        4.7\/5 - (6 votes)        "},{"@context":"https:\/\/schema.org\/","@type":"BreadcrumbList","itemListElement":[{"@type":"ListItem","position":1,"name":"Leto\u0161n\u00ed trendy aneb jak ne\u0161l\u00e1pnout vedle","item":"https:\/\/www.g2w.cz\/letosni-trendy-aneb-jak-neslapnout-vedle\/#breadcrumbitem"}]}]