[{"@context":"https:\/\/schema.org\/","@type":"Article","@id":"https:\/\/www.g2w.cz\/pripojeni-do-zasuvky-je-mozne-i-tam-kam-nedosahla-elektrifikace\/#Article","mainEntityOfPage":"https:\/\/www.g2w.cz\/pripojeni-do-zasuvky-je-mozne-i-tam-kam-nedosahla-elektrifikace\/","headline":"P\u0159ipojen\u00ed do z\u00e1suvky je mo\u017en\u00e9 i tam, kam nedos\u00e1hla elektrifikace","name":"P\u0159ipojen\u00ed do z\u00e1suvky je mo\u017en\u00e9 i tam, kam nedos\u00e1hla elektrifikace","description":"Pokud po\u0159\u00e1d\u00e1te n\u011bkolikr\u00e1t do roka r\u016fzn\u00e9 prodejn\u00ed nebo z\u00e1bavn\u00ed akce, pak budete zcela jist\u011b pot\u0159ebovat p\u0159ipojen\u00ed k elektrick\u00e9 energii. Co si ale po\u010d\u00edt v p\u0159\u00edpad\u011b, &hellip; ","datePublished":"2019-10-10","dateModified":"2023-04-28","author":{"@type":"Person","@id":"https:\/\/www.g2w.cz\/author\/#Person","name":"g2w.cz\n","url":"https:\/\/www.g2w.cz\/author\/","identifier":1,"image":{"@type":"ImageObject","@id":"https:\/\/secure.gravatar.com\/avatar\/cfe4dae5aaf43720425415780408681beb9b9a829e9a657295ed1cacce5febc2?s=96&d=mm&r=g","url":"https:\/\/secure.gravatar.com\/avatar\/cfe4dae5aaf43720425415780408681beb9b9a829e9a657295ed1cacce5febc2?s=96&d=mm&r=g","height":96,"width":96}},"publisher":{"@type":"Organization","name":"g2w.cz","logo":{"@type":"ImageObject","@id":"\/logo.png","url":"\/logo.png","width":600,"height":60}},"image":{"@type":"ImageObject","@id":"https:\/\/www.g2w.cz\/wp-content\/uploads\/img_a362332_w1915_t1575366053.jpg","url":"https:\/\/www.g2w.cz\/wp-content\/uploads\/img_a362332_w1915_t1575366053.jpg","height":0,"width":0},"url":"https:\/\/www.g2w.cz\/pripojeni-do-zasuvky-je-mozne-i-tam-kam-nedosahla-elektrifikace\/","about":["Business"],"wordCount":386,"articleBody":" Pokud po\u0159\u00e1d\u00e1te n\u011bkolikr\u00e1t do roka r\u016fzn\u00e9 prodejn\u00ed nebo z\u00e1bavn\u00ed akce, pak budete zcela jist\u011b pot\u0159ebovat p\u0159ipojen\u00ed k elektrick\u00e9 energii. Co si ale po\u010d\u00edt v p\u0159\u00edpad\u011b, \u017ee pr\u00e1v\u011b na tom va\u0161em m\u00edst\u011b \u017e\u00e1dn\u00e1 takov\u00e1 mo\u017enost nen\u00ed? A m\u00edsto, na kter\u00e9m by se nab\u00edzela, zase nevyhovuje v\u00e1m.  \u0158e\u0161en\u00ed snadn\u00e9 a rychl\u00e9. Jestli\u017ee vyu\u017eijete mo\u017enosti pron\u00e1jmu vhodn\u00e9ho agreg\u00e1tu nebo elektrocentr\u00e1ly, t\u00e9to starosti se jednodu\u0161e zbav\u00edte. Pronajmout si z\u00e1lo\u017en\u00ed zdroj elektrick\u00e9 energie m\u016f\u017eete na kr\u00e1tkou dobu\u2013 nap\u0159\u00edklad na jednor\u00e1zovou akci nebo pro p\u0159\u00edpad pl\u00e1novan\u00e9 odst\u00e1vky. na dobu del\u0161\u00ed\u2013 dlouhodob\u00fd pron\u00e1jem se rozhodn\u011b vyplat\u00ed. T\u00edmto zp\u016fsobem se \u0159e\u0161\u00ed kup\u0159\u00edkladu del\u0161\u00ed dobu trvaj\u00edc\u00ed prodejn\u00ed nebo prezenta\u010dn\u00ed firemn\u00ed akce anebo pobyt na rekrea\u010dn\u00ed chat\u011b, do jej\u00ed\u017e bl\u00edzkosti je\u0161t\u011b nedosp\u011bla elektrifikace. Vyb\u00edrejte pouze kvalitn\u00ed servis P\u0159i v\u00fdb\u011bru vhodn\u00e9ho zdroje je nutn\u00e9 zjistit, jestli jsou agreg\u00e1ty a elektrocentr\u00e1ly podrobov\u00e1ny pravideln\u00fdm kontrol\u00e1m. Ne\u010dekan\u00fd v\u00fdpadek z\u00e1lo\u017en\u00edho zdroje by byl asi velice nep\u0159\u00edjemnou a v kritick\u00fd okam\u017eik docela ne\u0159e\u0161itelnou situac\u00ed, kter\u00e1 by mohla va\u0161e dosavadn\u00ed sna\u017een\u00ed zcela zni\u010dit.  V\u00fdhodou dlouhodob\u00e9ho pron\u00e1jmu je oproti n\u00e1kupu tak\u00e9 to, \u017ee na zap\u016fj\u010den\u00fd agreg\u00e1t se st\u00e1le vztahuje servisn\u00ed slu\u017eba. Ve\u0161ker\u00e9 v\u00fdhody a pomoc p\u0159i \u0159e\u0161en\u00ed va\u0161ich pot\u00ed\u017e\u00ed s nedostatkem elektrick\u00e9 energie v\u00e1m tedy nab\u00edz\u00ed p\u016fj\u010dovna elektrocentr\u00e1l Liberec Valeon, kter\u00e1 zajist\u00ed v\u0161e pot\u0159ebn\u00e9 proto, abyste se mohli zab\u00fdvat jen z\u00e1le\u017eitostmi pro v\u00e1s d\u016fle\u017eit\u00fdmi. Pro komorn\u00ed akce jsou ur\u010den\u00e9 tich\u00e9 agreg\u00e1ty V sou\u010dasn\u00e9 dob\u011b jsou velice obl\u00edben\u00e9 r\u016fzn\u00e9 spole\u010densk\u00e9 akce pod \u0161ir\u00fdm nebem. V\u011bt\u0161inou se neobjedou bez p\u0159\u00edsunu proudu. M\u016f\u017ee tu ale vzniknout mal\u00fd probl\u00e9m. Agreg\u00e1ty jsou p\u0159\u00edli\u0161 hlu\u010dn\u00e9 a naru\u0161ovaly by chod cel\u00e9 akce. Proto m\u016f\u017eete vyu\u017e\u00edt elektrocentr\u00e1lu s tich\u00fdm chodem. Pro ka\u017edou p\u0159\u00edle\u017eitost se prost\u011b najde vhodn\u00e9 \u0159e\u0161en\u00ed.                                                                                                                                                                                                                                                                                                                                                                                         3.5\/5 - (6 votes)        "},{"@context":"https:\/\/schema.org\/","@type":"BreadcrumbList","itemListElement":[{"@type":"ListItem","position":1,"name":"P\u0159ipojen\u00ed do z\u00e1suvky je mo\u017en\u00e9 i tam, kam nedos\u00e1hla elektrifikace","item":"https:\/\/www.g2w.cz\/pripojeni-do-zasuvky-je-mozne-i-tam-kam-nedosahla-elektrifikace\/#breadcrumbitem"}]}]