[{"@context":"https:\/\/schema.org\/","@type":"Article","@id":"https:\/\/www.g2w.cz\/vybavujeme-pokojicky-pro-nejmensi\/#Article","mainEntityOfPage":"https:\/\/www.g2w.cz\/vybavujeme-pokojicky-pro-nejmensi\/","headline":"Vybavujeme pokoj\u00ed\u010dky pro nejmen\u0161\u00ed","name":"Vybavujeme pokoj\u00ed\u010dky pro nejmen\u0161\u00ed","description":"Mal\u00e1 miminka, batolata i ratolesti trochu odrostlej\u0161\u00ed pot\u0159ebuj\u00ed, aby jejich d\u011btsk\u00fd pokoj Nabytek-elegance byl hlavn\u011b bezpe\u010dn\u00fd a klidn\u00fd. A p\u0159itom je samoz\u0159ejm\u011b d\u016fle\u017eit\u00e9, aby se &hellip; ","datePublished":"2019-08-19","dateModified":"2023-04-28","author":{"@type":"Person","@id":"https:\/\/www.g2w.cz\/author\/#Person","name":"g2w.cz\n","url":"https:\/\/www.g2w.cz\/author\/","identifier":1,"image":{"@type":"ImageObject","@id":"https:\/\/secure.gravatar.com\/avatar\/cfe4dae5aaf43720425415780408681beb9b9a829e9a657295ed1cacce5febc2?s=96&d=mm&r=g","url":"https:\/\/secure.gravatar.com\/avatar\/cfe4dae5aaf43720425415780408681beb9b9a829e9a657295ed1cacce5febc2?s=96&d=mm&r=g","height":96,"width":96}},"publisher":{"@type":"Organization","name":"g2w.cz","logo":{"@type":"ImageObject","@id":"\/logo.png","url":"\/logo.png","width":600,"height":60}},"image":{"@type":"ImageObject","@id":"https:\/\/www.g2w.cz\/wp-content\/uploads\/img_a358970_w1915_t1573140560.jpg","url":"https:\/\/www.g2w.cz\/wp-content\/uploads\/img_a358970_w1915_t1573140560.jpg","height":0,"width":0},"url":"https:\/\/www.g2w.cz\/vybavujeme-pokojicky-pro-nejmensi\/","about":["Zbo\u017e\u00ed"],"wordCount":448,"articleBody":"      Mal\u00e1 miminka, batolata i ratolesti trochu odrostlej\u0161\u00ed pot\u0159ebuj\u00ed, aby jejich d\u011btsk\u00fd pokoj Nabytek-elegance byl hlavn\u011b bezpe\u010dn\u00fd a klidn\u00fd. A p\u0159itom je samoz\u0159ejm\u011b d\u016fle\u017eit\u00e9, aby se jim v n\u011bm l\u00edbilo, c\u00edtily se zde dob\u0159e. Hodn\u011b n\u00e1m s t\u00edm jist\u011b pom\u016f\u017ee v\u00fdb\u011br vhodn\u00fdch kousk\u016f n\u00e1bytku, hra\u010dek, ale t\u0159eba i pou\u017eit\u00ed spr\u00e1vn\u00fdch barev, sv\u011btla a tvar\u016f. Je pot\u0159eba nechat tak\u00e9 d\u011bti pod\u00edlet se alespo\u0148 \u010d\u00e1ste\u010dn\u011b na vytv\u00e1\u0159en\u00ed podoby prostoru, kde budou tr\u00e1vit hodn\u011b \u010dasu. Nechat je ud\u011blat si zde (samoz\u0159ejm\u011b s ohledem k jejich v\u011bku) n\u011bco \u201epo sv\u00e9m\u201c. Jen tak se jim zde bude dob\u0159e odpo\u010d\u00edvat, hr\u00e1t a pozd\u011bji tak\u00e9 u\u010dit. Na co se p\u0159i tak d\u016fle\u017eit\u00e1 pr\u00e1ci, jako je za\u0159izov\u00e1n\u00ed d\u011btsk\u00e9ho kr\u00e1lovstv\u00ed, mus\u00edme zam\u011b\u0159it? velikost To se t\u00fdk\u00e1 p\u0159edev\u0161\u00edm n\u00e1bytku. Je dobr\u00e9 se v pokoji rozhl\u00e9dnout o\u010dima mal\u00e9ho d\u00edt\u011bte. Dos\u00e1hne bezpe\u010dn\u011b a pohodln\u011b na v\u0161echny sv\u00e9 v\u011bci? Dostane se do v\u0161ech \u0161upl\u00edk\u016f, na poli\u010dky, do knihovni\u010dky? Hodn\u011b d\u016fle\u017eit\u00fd je bezpe\u010dn\u00fd p\u0159\u00edstup k vyp\u00edna\u010d\u016fm sv\u011btel (hlavn\u011b t\u011bm u postel\u00ed)! D\u011bti hodn\u011b rychle rostou. Pokud nechceme n\u00e1bytek v jejich pokoji \u010dasto m\u011bnit, je dobrou volbou takov\u00fd, kter\u00fd \u201eroste s nimi\u201c! barvy Spr\u00e1vn\u011b vybran\u00e9 barvy daj\u00ed pokoji tu vhodnou atmosf\u00e9ru. Mal\u00e1 miminka a batolata n\u00e1m to je\u0161t\u011b ne\u0159eknou, ale s t\u011bmi v\u011bt\u0161\u00edmi m\u016f\u017eeme o tom, jak\u00e9 barvy maj\u00ed r\u00e1dy, ji\u017e pohovo\u0159it. Na ka\u017ed\u00e9ho ur\u010dit\u00e1 barva p\u016fsob\u00ed trochu jinak. A ne ka\u017ed\u00e1 n\u00e1m \u201ed\u011bl\u00e1 dob\u0159e\u201c. T\u0159eba zrovna na\u0161\u00ed mal\u00e9 princezn\u011b m\u016f\u017ee b\u00fdt sladk\u00e1 r\u016f\u017eov\u00e1 protivn\u00e1! sv\u011btlo D\u011btsk\u00fd pokoj m\u00e1 b\u00fdt sv\u011btl\u00fd. Pust\u00edme do n\u011bj co nejv\u00edce toho denn\u00edho okny, ale zajist\u00edme i vhodn\u00e9 um\u011bl\u00e9. S osv\u011btlen\u00edm si m\u016f\u017eeme pohr\u00e1t a vytvo\u0159it d\u011btem takov\u00e9, co jim umo\u017en\u00ed vytv\u00e1\u0159et r\u016fzn\u00e9 kreativn\u00ed kompozice. Hlavn\u011b se vyvarujeme \u201ev\u00fdroby\u201c temn\u00fdch z\u00e1kout\u00ed, kter\u00fdch se v\u011bt\u0161inou boj\u00ed! tvary Pou\u017e\u00edv\u00e1me prvky, kter\u00e9 maj\u00ed d\u011bti v oblib\u011b, podporuj\u00ed jejich fantazii a hravost. N\u011bkter\u00e9 kousky n\u00e1bytku, vybaven\u00ed a r\u016fzn\u00e9 dopl\u0148ky m\u016f\u017eou m\u00edt nap\u0159\u00edklad tvar obl\u00edben\u00fdch poh\u00e1dkov\u00fdch postavi\u010dek nebo zv\u00ed\u0159\u00e1tek!                                                                                                                                                                                                                                                                                                                                                                                          3.6\/5 - (9 votes)        "},{"@context":"https:\/\/schema.org\/","@type":"BreadcrumbList","itemListElement":[{"@type":"ListItem","position":1,"name":"Vybavujeme pokoj\u00ed\u010dky pro nejmen\u0161\u00ed","item":"https:\/\/www.g2w.cz\/vybavujeme-pokojicky-pro-nejmensi\/#breadcrumbitem"}]}]